{"id":269,"date":"2026-02-19T14:43:50","date_gmt":"2026-02-19T14:43:50","guid":{"rendered":"https:\/\/cardedeu.reconnectat.cat\/?p=269"},"modified":"2026-02-19T20:11:05","modified_gmt":"2026-02-19T20:11:05","slug":"anunci-prohibicio-acces-xarxes-socials-als-menors-16-anys","status":"publish","type":"post","link":"https:\/\/cardedeu.reconnectat.cat\/index.php\/2026\/02\/19\/anunci-prohibicio-acces-xarxes-socials-als-menors-16-anys\/","title":{"rendered":"Anunci prohibici\u00f3 acc\u00e9s xarxes socials als menors 16 anys"},"content":{"rendered":"<h1 style=\"font-size: 45px; margin-top: 30px; margin-bottom: 0px; font-family: ChronicleDeck, serif; font-weight: 600; line-height: 48px; letter-spacing: -0.07px; color: #000000; font-style: normal;\">S\u00e1nchez anuncia que prohibir\u00e0 les xarxes socials als menors de 16 anys i Musk l&#8217;acusa de &#8220;tir\u00e0&#8221; i &#8220;tra\u00efdor&#8221;<\/h1>\n<h2 style=\"margin-block: 0px; font-size: 22px; margin-top: 20px; margin-bottom: 0px; font-family: ChronicleDeck, serif; line-height: 28px; letter-spacing: -0.25px; color: #000000; font-style: normal;\">El govern espanyol vol que els directius de les plataformes digitals siguin &#8220;penalment responsables&#8221; davant una infracci\u00f3<\/h2>\n<p>&nbsp;<\/p>\n<h2>Les fam\u00edlies, a favor de les mesures<\/h2>\n<p>La prohibici\u00f3 d\u2019acc\u00e9s a les xarxes socials als menors de 16 anys \u00e9s una mesura perseguida per plataformes com Adolesc\u00e8ncia Lliure de M\u00f2bils (ALM), un grup de fam\u00edlies del Poblenou preocupades per l\u2019acc\u00e9s d\u2019infants i adolescents als tel\u00e8fons m\u00f2bils. Aix\u00ed, des del moviment aplaudeixen l\u2019anunci, tal com explica el vicepresident d\u2019ALM, Xavier Casanovas. \u201cEstem totalment a favor d\u2019aquesta proposta i estarem atents perqu\u00e8 s\u2019implementi correctament\u201d, exposa Casanovas.<\/p>\n<p>El grup ja havia presentat esmenes a la nova llei org\u00e0nica de protecci\u00f3 de menors d\u2019edat en entorns digitals en relaci\u00f3 amb la prohibici\u00f3 anunciada, per\u00f2 sobretot amb el fet que an\u00e9s acompanyada de la verificaci\u00f3 d\u2019edat. \u201cPer a nosaltres \u00e9s clar\u00edssim que hi ha d\u2019haver una proposta tecnol\u00f2gica de mesures de verificaci\u00f3 d\u2019edat, aix\u00ed com de sancions penals a les tecnol\u00f2giques que no ho compleixin\u201d, assenyala el vicepresident d\u2019ALM.<\/p>\n<p>Casanovas recorda que proposar una edat m\u00ednima d\u2019acc\u00e9s no \u00e9s una prohibici\u00f3 cap als menors, sin\u00f3 cap a les plataformes: \u201c\u00c9s prohibir a les tecnol\u00f2giques que es quedin amb les seves dades, que els dirigeixin publicitat o continguts inadequats per a l\u2019edat que els pertoca\u201d. Des del moviment, afegeix que restaran pendents a l\u2019efectivitat de les mesures, aix\u00ed com continuaran acompanyant el canvi cultural. \u201cEns toca fer molta pedagogia per continuar recordant qu\u00e8 vol dir un \u00fas sa de la tecnologia digital a l\u2019edat corresponent\u201d, emfatitza el vicepresident d\u2019ALM.<\/p>\n<p>Aqu\u00ed la not\u00edcia sencera:<\/p>\n<p><a href=\"https:\/\/www.ara.cat\/societat\/sanchez-anuncia-espanya-prohibira-l-acces-xarxes-socials-als-menors-16-anys_1_5636698.html\">https:\/\/www.ara.cat\/societat\/sanchez-anuncia-espanya-prohibira-l-acces-xarxes-socials-als-menors-16-anys_1_5636698.html<\/a><\/p>\n<p>&nbsp;<\/p>\n<p><!--a=1--><\/p>\n<p><!--a=1--><\/p>\n","protected":false},"excerpt":{"rendered":"<p>S\u00e1nchez anuncia que prohibir\u00e0 les xarxes socials als menors de 16 anys i Musk l&#8217;acusa de &#8220;tir\u00e0&#8221; i &#8220;tra\u00efdor&#8221; El govern espanyol vol que els directius de les plataformes digitals siguin &#8220;penalment responsables&#8221; davant una infracci\u00f3 &nbsp; Les fam\u00edlies, a favor de les mesures La prohibici\u00f3 d\u2019acc\u00e9s a les xarxes socials als menors de 16 &#8230; <a title=\"Anunci prohibici\u00f3 acc\u00e9s xarxes socials als menors 16 anys\" class=\"read-more\" href=\"https:\/\/cardedeu.reconnectat.cat\/index.php\/2026\/02\/19\/anunci-prohibicio-acces-xarxes-socials-als-menors-16-anys\/\" aria-label=\"M\u00e9s sobre Anunci prohibici\u00f3 acc\u00e9s xarxes socials als menors 16 anys\">Llegiu m\u00e9s<\/a><\/p>\n","protected":false},"author":3,"featured_media":342,"comment_status":"open","ping_status":"open","sticky":false,"template":"","format":"standard","meta":{"footnotes":""},"categories":[6],"tags":[],"class_list":["post-269","post","type-post","status-publish","format-standard","has-post-thumbnail","hentry","category-actualitat"],"_links":{"self":[{"href":"https:\/\/cardedeu.reconnectat.cat\/index.php\/wp-json\/wp\/v2\/posts\/269","targetHints":{"allow":["GET"]}}],"collection":[{"href":"https:\/\/cardedeu.reconnectat.cat\/index.php\/wp-json\/wp\/v2\/posts"}],"about":[{"href":"https:\/\/cardedeu.reconnectat.cat\/index.php\/wp-json\/wp\/v2\/types\/post"}],"author":[{"embeddable":true,"href":"https:\/\/cardedeu.reconnectat.cat\/index.php\/wp-json\/wp\/v2\/users\/3"}],"replies":[{"embeddable":true,"href":"https:\/\/cardedeu.reconnectat.cat\/index.php\/wp-json\/wp\/v2\/comments?post=269"}],"version-history":[{"count":8,"href":"https:\/\/cardedeu.reconnectat.cat\/index.php\/wp-json\/wp\/v2\/posts\/269\/revisions"}],"predecessor-version":[{"id":344,"href":"https:\/\/cardedeu.reconnectat.cat\/index.php\/wp-json\/wp\/v2\/posts\/269\/revisions\/344"}],"wp:featuredmedia":[{"embeddable":true,"href":"https:\/\/cardedeu.reconnectat.cat\/index.php\/wp-json\/wp\/v2\/media\/342"}],"wp:attachment":[{"href":"https:\/\/cardedeu.reconnectat.cat\/index.php\/wp-json\/wp\/v2\/media?parent=269"}],"wp:term":[{"taxonomy":"category","embeddable":true,"href":"https:\/\/cardedeu.reconnectat.cat\/index.php\/wp-json\/wp\/v2\/categories?post=269"},{"taxonomy":"post_tag","embeddable":true,"href":"https:\/\/cardedeu.reconnectat.cat\/index.php\/wp-json\/wp\/v2\/tags?post=269"}],"curies":[{"name":"wp","href":"https:\/\/api.w.org\/{rel}","templated":true}]}}