{"id":276,"date":"2026-02-19T15:04:52","date_gmt":"2026-02-19T15:04:52","guid":{"rendered":"https:\/\/cardedeu.reconnectat.cat\/?p=276"},"modified":"2026-02-20T06:16:37","modified_gmt":"2026-02-20T06:16:37","slug":"https-adolescencialliuredemobils-cat-butlleti-alm-desembre-2025-accions-i-fites","status":"publish","type":"post","link":"https:\/\/cardedeu.reconnectat.cat\/index.php\/2026\/02\/19\/https-adolescencialliuredemobils-cat-butlleti-alm-desembre-2025-accions-i-fites\/","title":{"rendered":"Butlletins Accions Adolesc\u00e8ncia lliure de m\u00f2bils  2025"},"content":{"rendered":"<p>Aqu\u00ed us deixem els dos butlletins d&#8217;Adolesc\u00e8ncia Lliure de M\u00f2bils (ALM) de la que formem part amb totes les accions i fites del 2025.<\/p>\n<blockquote class=\"wp-embedded-content\" data-secret=\"5Nbz64LGmO\"><p><a href=\"https:\/\/adolescencialliuredemobils.cat\/butlleti-alm-desembre-2025-accions-i-fites\/\">BUTLLET\u00cd ALM desembre 2025 &#8211; Accions i fites<\/a><\/p><\/blockquote>\n<p><iframe class=\"wp-embedded-content\" sandbox=\"allow-scripts\" security=\"restricted\" style=\"position: absolute; visibility: hidden;\" title=\"&#8220;BUTLLET\u00cd ALM desembre 2025 &#8211; Accions i fites&#8221; &#8212; Adolesc\u00e8ncia Lliure de M\u00f2bils\" src=\"https:\/\/adolescencialliuredemobils.cat\/butlleti-alm-desembre-2025-accions-i-fites\/embed\/#?secret=PxaCY0Hpd3#?secret=5Nbz64LGmO\" data-secret=\"5Nbz64LGmO\" width=\"600\" height=\"338\" frameborder=\"0\" marginwidth=\"0\" marginheight=\"0\" scrolling=\"no\"><\/iframe><\/p>\n<p>https:\/\/adolescencialliuredemobils.cat\/wp-content\/uploads\/2025\/07\/Butlleti_1_ALM_juliol_2025.pdf<\/p>\n<p><!--a=1--><\/p>\n<p><!--a=1--><\/p>\n<p><!--a=1--><\/p>\n","protected":false},"excerpt":{"rendered":"<p>Aqu\u00ed us deixem els dos butlletins d&#8217;Adolesc\u00e8ncia Lliure de M\u00f2bils (ALM) de la que formem part amb totes les accions i fites del 2025. BUTLLET\u00cd ALM desembre 2025 &#8211; Accions i fites https:\/\/adolescencialliuredemobils.cat\/wp-content\/uploads\/2025\/07\/Butlleti_1_ALM_juliol_2025.pdf<\/p>\n","protected":false},"author":3,"featured_media":336,"comment_status":"open","ping_status":"open","sticky":false,"template":"","format":"link","meta":{"footnotes":""},"categories":[6],"tags":[],"class_list":["post-276","post","type-post","status-publish","format-link","has-post-thumbnail","hentry","category-actualitat","post_format-post-format-link"],"_links":{"self":[{"href":"https:\/\/cardedeu.reconnectat.cat\/index.php\/wp-json\/wp\/v2\/posts\/276","targetHints":{"allow":["GET"]}}],"collection":[{"href":"https:\/\/cardedeu.reconnectat.cat\/index.php\/wp-json\/wp\/v2\/posts"}],"about":[{"href":"https:\/\/cardedeu.reconnectat.cat\/index.php\/wp-json\/wp\/v2\/types\/post"}],"author":[{"embeddable":true,"href":"https:\/\/cardedeu.reconnectat.cat\/index.php\/wp-json\/wp\/v2\/users\/3"}],"replies":[{"embeddable":true,"href":"https:\/\/cardedeu.reconnectat.cat\/index.php\/wp-json\/wp\/v2\/comments?post=276"}],"version-history":[{"count":21,"href":"https:\/\/cardedeu.reconnectat.cat\/index.php\/wp-json\/wp\/v2\/posts\/276\/revisions"}],"predecessor-version":[{"id":347,"href":"https:\/\/cardedeu.reconnectat.cat\/index.php\/wp-json\/wp\/v2\/posts\/276\/revisions\/347"}],"wp:featuredmedia":[{"embeddable":true,"href":"https:\/\/cardedeu.reconnectat.cat\/index.php\/wp-json\/wp\/v2\/media\/336"}],"wp:attachment":[{"href":"https:\/\/cardedeu.reconnectat.cat\/index.php\/wp-json\/wp\/v2\/media?parent=276"}],"wp:term":[{"taxonomy":"category","embeddable":true,"href":"https:\/\/cardedeu.reconnectat.cat\/index.php\/wp-json\/wp\/v2\/categories?post=276"},{"taxonomy":"post_tag","embeddable":true,"href":"https:\/\/cardedeu.reconnectat.cat\/index.php\/wp-json\/wp\/v2\/tags?post=276"}],"curies":[{"name":"wp","href":"https:\/\/api.w.org\/{rel}","templated":true}]}}